{"id":7238,"date":"2022-05-10T17:17:39","date_gmt":"2022-05-10T15:17:39","guid":{"rendered":"https:\/\/www.epcsrl.eu\/?p=7238"},"modified":"2025-02-21T11:26:02","modified_gmt":"2025-02-21T10:26:02","slug":"webinar-del-progetto-interreg-shelter","status":"publish","type":"post","link":"https:\/\/www.epcsrl.eu\/it\/webinar-del-progetto-interreg-shelter\/","title":{"rendered":"Webinar del Progetto Interreg SHELTER"},"content":{"rendered":"<div dir=\"auto\">Gioved\u00ec 5 Maggio si \u00e8 tenuto un webinar per presentare la pubblicazione &#8220;Il recupero dei fabbricati rurali e le opportunit\u00e0 per la montagna veneta&#8221; che la Regione Veneto ha realizzato per presentare le possibilit\u00e0 che si offrono oggi ai proprietari di edifici nelle aree montane per la loro riqualificazione.<\/div>\n<div dir=\"auto\">La pubblicazione \u00e8 stata preparata nel quadro del Progetto Interreg Italia-Austria SHELTER e riunisce contributi che trattano attivit\u00e0 capaci di sostenere il recupero e il riuso di questo patrimonio edilizio: dall\u2019agriturismo alla fattoria didattica, dalla fattoria sociale alla zootecnia. La pubblicazione \u00e8 stata coordinata dalla Direzione Pianificazione Territoriale con interventi di tutti gli uffici regionali competenti.<\/div>\n<div dir=\"auto\">E&#8217; possibile sfogliare la versione elettronica del volume da <a href=\"https:\/\/interreg-shelter.eu\/wp-content\/uploads\/2022\/04\/SHELTER_Pubblicazione_RegVen_On-line.pdf\" target=\"_blank\" rel=\"noopener\">questo link<\/a><\/div>\n<div dir=\"auto\">Video del Webinar disponibile a <a href=\"https:\/\/www.youtube.com\/watch?v=O99r_P_UggI\" target=\"_blank\" rel=\"noopener\">questo link.<\/a><\/div>\n<div dir=\"auto\"><\/div>\n","protected":false},"excerpt":{"rendered":"<p>Gioved\u00ec 5 Maggio si \u00e8 tenuto un webinar per presentare la pubblicazione &#8220;Il recupero dei fabbricati rurali e le opportunit\u00e0 per la montagna veneta&#8221;<\/p>\n","protected":false},"author":10,"featured_media":7392,"comment_status":"closed","ping_status":"closed","sticky":false,"template":"","format":"standard","meta":{"_acf_changed":false,"footnotes":""},"categories":[25],"tags":[360,152,365],"class_list":["post-7238","post","type-post","status-publish","format-standard","has-post-thumbnail","hentry","category-news","tag-ambiente","tag-europrogettazione","tag-interreg"],"acf":[],"_links":{"self":[{"href":"https:\/\/www.epcsrl.eu\/it\/wp-json\/wp\/v2\/posts\/7238","targetHints":{"allow":["GET"]}}],"collection":[{"href":"https:\/\/www.epcsrl.eu\/it\/wp-json\/wp\/v2\/posts"}],"about":[{"href":"https:\/\/www.epcsrl.eu\/it\/wp-json\/wp\/v2\/types\/post"}],"author":[{"embeddable":true,"href":"https:\/\/www.epcsrl.eu\/it\/wp-json\/wp\/v2\/users\/10"}],"replies":[{"embeddable":true,"href":"https:\/\/www.epcsrl.eu\/it\/wp-json\/wp\/v2\/comments?post=7238"}],"version-history":[{"count":1,"href":"https:\/\/www.epcsrl.eu\/it\/wp-json\/wp\/v2\/posts\/7238\/revisions"}],"predecessor-version":[{"id":44876,"href":"https:\/\/www.epcsrl.eu\/it\/wp-json\/wp\/v2\/posts\/7238\/revisions\/44876"}],"wp:featuredmedia":[{"embeddable":true,"href":"https:\/\/www.epcsrl.eu\/it\/wp-json\/wp\/v2\/media\/7392"}],"wp:attachment":[{"href":"https:\/\/www.epcsrl.eu\/it\/wp-json\/wp\/v2\/media?parent=7238"}],"wp:term":[{"taxonomy":"category","embeddable":true,"href":"https:\/\/www.epcsrl.eu\/it\/wp-json\/wp\/v2\/categories?post=7238"},{"taxonomy":"post_tag","embeddable":true,"href":"https:\/\/www.epcsrl.eu\/it\/wp-json\/wp\/v2\/tags?post=7238"}],"curies":[{"name":"wp","href":"https:\/\/api.w.org\/{rel}","templated":true}]}}